{"id":8202,"date":"2020-12-21T11:34:36","date_gmt":"2020-12-21T10:34:36","guid":{"rendered":"https:\/\/auto-bezpieczniki.pl\/?p=8202"},"modified":"2020-12-21T11:34:36","modified_gmt":"2020-12-21T10:34:36","slug":"fiat-500l-od-2012-roku-akumulatory","status":"publish","type":"post","link":"https:\/\/auto-bezpieczniki.com.pl\/index.php\/2020\/12\/21\/fiat-500l-od-2012-roku-akumulatory\/","title":{"rendered":"Fiat 500L (od 2012 roku) &#8211; akumulatory"},"content":{"rendered":"<header class=\"entry-header\">\n<h2 class=\"entry-title\" style=\"text-align: center;\"><span class=\"\">Fiat 500L (od 2012 roku) &#8211; zamienniki akumulator\u00f3w<\/span><\/h2>\n<div class=\"comments-link\">Zapraszamy do listy akumulator\u00f3w pasuj\u0105cych do poszczeg\u00f3lnych wersji silnikowych.<\/div>\n<\/header>\n<div class=\"entry-content\">\n<h3>Podstawowe parametry akumulator\u00f3w pasuj\u0105cych do Fiat 500L (2012-):<\/h3>\n<p><strong>Uk\u0142ad:<\/strong><\/p>\n<ul>\n<li>0 &#8211; dodatni po prawej stronie<\/li>\n<\/ul>\n<p><strong>Typy terminali:<\/strong><\/p>\n<ul>\n<li>1<\/li>\n<\/ul>\n<p><strong>Mocowanie podstawy:<\/strong><\/p>\n<ul>\n<li>B13<\/li>\n<\/ul>\n<hr \/>\n<h3>Fiat 500L &#8211; silniki benzynowe:<br \/>\n1.4 T-Jet<\/h3>\n<table>\n<tbody>\n<tr>\n<th>MARKA I SERIA<\/th>\n<th>MODEL<\/th>\n<th>POJEMNO\u015a\u0106<\/th>\n<th>PR\u0104D<\/th>\n<th>WYMIARY<\/th>\n<\/tr>\n<tr>\n<td>Bosch S4<\/td>\n<td>S40 02<\/td>\n<td>52 Ah<\/td>\n<td>470 A<\/td>\n<td>207x175x190<\/td>\n<\/tr>\n<tr>\n<td>Bosch S5<\/td>\n<td>S50 02<\/td>\n<td>54 Ah<\/td>\n<td>530 A<\/td>\n<td>207x175x190<\/td>\n<\/tr>\n<tr>\n<td>Exide Excell<\/td>\n<td>EB500<\/td>\n<td>50 Ah<\/td>\n<td>450 A<\/td>\n<td>207x175x190<\/td>\n<\/tr>\n<tr>\n<td>Exide Premium<\/td>\n<td>EA530<\/td>\n<td>53 Ah<\/td>\n<td>540 A<\/td>\n<td>207x175x190<\/td>\n<\/tr>\n<tr>\n<td>Varta Blue Dynamic<\/td>\n<td>C22<\/td>\n<td>52 Ah<\/td>\n<td>470 A<\/td>\n<td>207x175x190<\/td>\n<\/tr>\n<tr>\n<td>Varta Silver Dynamic<\/td>\n<td>C30<\/td>\n<td>54 Ah<\/td>\n<td>530 A<\/td>\n<td>207x175x190<\/td>\n<\/tr>\n<\/tbody>\n<\/table>\n<p>&nbsp;<\/p>\n<hr \/>\n<h3>Fiat 500L &#8211; silniki benzynowe:<br \/>\n0,9 &#8211; z systemem Start-Stop<br \/>\n0,9 Natural Power &#8211; z systemem Start-Stop<br \/>\n1,4 &#8211; z systemem Start-Stop<\/h3>\n<table>\n<tbody>\n<tr>\n<th>MARKA I SERIA<\/th>\n<th>MODEL<\/th>\n<th>POJEMNO\u015a\u0106<\/th>\n<th>PR\u0104D<\/th>\n<th>WYMIARY<\/th>\n<\/tr>\n<tr>\n<td>Bosch S4 EFB<\/td>\n<td>S4 E05<\/td>\n<td>60 Ah<\/td>\n<td>560 A<\/td>\n<td>242x175x190<\/td>\n<\/tr>\n<tr>\n<td>Exide EFB<\/td>\n<td>EL600<\/td>\n<td>60 Ah<\/td>\n<td>640 A<\/td>\n<td>242x175x190<\/td>\n<\/tr>\n<tr>\n<td>Varta Blue Dynamic EFB<\/td>\n<td>D53<\/td>\n<td>60 Ah<\/td>\n<td>560 A<\/td>\n<td>242x175x190<\/td>\n<\/tr>\n<\/tbody>\n<\/table>\n<p>&nbsp;<\/p>\n<hr \/>\n<h3>Fiat 500L &#8211; silniki diesla:<br \/>\n1.3 D Multijet &#8211; z systemem Start-Stop<\/h3>\n<table>\n<tbody>\n<tr>\n<th>MARKA I SERIA<\/th>\n<th>MODEL<\/th>\n<th>POJEMNO\u015a\u0106<\/th>\n<th>PR\u0104D<\/th>\n<th>WYMIARY<\/th>\n<\/tr>\n<tr>\n<td>Bosch S4 EFB<\/td>\n<td>S4 E05<\/td>\n<td>60 Ah<\/td>\n<td>560 A<\/td>\n<td>242x175x190<\/td>\n<\/tr>\n<tr>\n<td>Exide EFB<\/td>\n<td>EL600<\/td>\n<td>60 Ah<\/td>\n<td>640 A<\/td>\n<td>242x175x190<\/td>\n<\/tr>\n<tr>\n<td>Varta Blue Dynamic EFB<\/td>\n<td>D53<\/td>\n<td>60 Ah<\/td>\n<td>560 A<\/td>\n<td>242x175x190<\/td>\n<\/tr>\n<\/tbody>\n<\/table>\n<p>&nbsp;<\/p>\n<hr \/>\n<h3>Fiat 500L &#8211; silniki diesla:<br \/>\n1,6 D Multijet &#8211; z systemem Start-Stop<\/h3>\n<table>\n<tbody>\n<tr>\n<th>MARKA I SERIA<\/th>\n<th>MODEL<\/th>\n<th>POJEMNO\u015a\u0106<\/th>\n<th>PR\u0104D<\/th>\n<th>WYMIARY<\/th>\n<\/tr>\n<tr>\n<td>Bosch S4 EFB<\/td>\n<td>S4 E08<\/td>\n<td>70 Ah<\/td>\n<td>650 A<\/td>\n<td>278x175x190<\/td>\n<\/tr>\n<tr>\n<td>Exide EFB<\/td>\n<td>EL700<\/td>\n<td>70 Ah<\/td>\n<td>720 A<\/td>\n<td>278x175x190<\/td>\n<\/tr>\n<tr>\n<td>Varta Blue Dynamic EFB<\/td>\n<td>E45<\/td>\n<td>70 Ah<\/td>\n<td>650 A<\/td>\n<td>278x175x190<\/td>\n<\/tr>\n<\/tbody>\n<\/table>\n<p>&nbsp;<\/p>\n<\/div>\n","protected":false},"excerpt":{"rendered":"<p>Fiat 500L (od 2012 roku) &#8211; zamienniki akumulator\u00f3w Zapraszamy do listy akumulator\u00f3w pasuj\u0105cych do poszczeg\u00f3lnych wersji silnikowych. Podstawowe parametry akumulator\u00f3w<\/p>\n","protected":false},"author":1,"featured_media":8296,"comment_status":"open","ping_status":"open","sticky":false,"template":"","format":"standard","meta":{"footnotes":""},"categories":[251,4,36],"tags":[501,502,831,836],"class_list":["post-8202","post","type-post","status-publish","format-standard","has-post-thumbnail","hentry","category-500-fiat-akumulatory","category-akumulatory","category-fiat-akumulatory","tag-501","tag-500l","tag-fiat","tag-fiat-500l"],"aioseo_notices":[],"jetpack_sharing_enabled":true,"jetpack_featured_media_url":"","_links":{"self":[{"href":"https:\/\/auto-bezpieczniki.com.pl\/index.php\/wp-json\/wp\/v2\/posts\/8202","targetHints":{"allow":["GET"]}}],"collection":[{"href":"https:\/\/auto-bezpieczniki.com.pl\/index.php\/wp-json\/wp\/v2\/posts"}],"about":[{"href":"https:\/\/auto-bezpieczniki.com.pl\/index.php\/wp-json\/wp\/v2\/types\/post"}],"author":[{"embeddable":true,"href":"https:\/\/auto-bezpieczniki.com.pl\/index.php\/wp-json\/wp\/v2\/users\/1"}],"replies":[{"embeddable":true,"href":"https:\/\/auto-bezpieczniki.com.pl\/index.php\/wp-json\/wp\/v2\/comments?post=8202"}],"version-history":[{"count":0,"href":"https:\/\/auto-bezpieczniki.com.pl\/index.php\/wp-json\/wp\/v2\/posts\/8202\/revisions"}],"wp:featuredmedia":[{"embeddable":true,"href":"https:\/\/auto-bezpieczniki.com.pl\/index.php\/wp-json\/"}],"wp:attachment":[{"href":"https:\/\/auto-bezpieczniki.com.pl\/index.php\/wp-json\/wp\/v2\/media?parent=8202"}],"wp:term":[{"taxonomy":"category","embeddable":true,"href":"https:\/\/auto-bezpieczniki.com.pl\/index.php\/wp-json\/wp\/v2\/categories?post=8202"},{"taxonomy":"post_tag","embeddable":true,"href":"https:\/\/auto-bezpieczniki.com.pl\/index.php\/wp-json\/wp\/v2\/tags?post=8202"}],"curies":[{"name":"wp","href":"https:\/\/api.w.org\/{rel}","templated":true}]}}